{"id":34,"date":"2015-02-04T20:07:13","date_gmt":"2015-02-04T20:07:13","guid":{"rendered":"http:\/\/arroyoseco.gov.ar\/arroyo\/?p=34"},"modified":"2015-02-04T22:08:39","modified_gmt":"2015-02-04T22:08:39","slug":"titulo-de-la-ultima-informacion-cargada-3","status":"publish","type":"post","link":"https:\/\/arroyoseco.gov.ar\/arroyo\/titulo-de-la-ultima-informacion-cargada-3\/","title":{"rendered":"T\u00edtulo de la \u00faltima informaci\u00f3n cargada"},"content":{"rendered":"<p>Cuando el 1 de febrero de 1886 se detiene en la solitaria estaci\u00f3n Arroyo Seco el tren inaugural de Rosario a Buenos Aires, son centenares los chacareros que festejan alborozados el acontecimiento. Sin ordenamiento urban\u00edstico se levantan en los alrededores precarias construcciones, correspondi\u00e9ndole al propietario Liberato Aguirre la misi\u00f3n de ordenar el surgimiento del pueblo. Vemos de qu\u00e9 manera lo informa el diario \u00abLA CAPITAL\u00bb de Rosario, en su edici\u00f3n del 11 de julio de 1888. El diario de Ovidio Lagos dice:<\/p>\n<p>\u00abPUEBLO AGUIRRE. Acaba de fundarse en esta provincia un nuevo centro de poblaci\u00f3n bajo la denominaci\u00f3n de Pueblo Aguirre. Este nuevo centro est\u00e1 situado en el Arroyo Seco, a corta distancia de esta ciudad, y el nueve del corriente ha tenido lugar la ceremonia de su fundaci\u00f3n erigi\u00e9ndose una hermosa plaza en presencia de numerosa concurrencia. El Pueblo Aguirre es de gran porvenir pues su situaci\u00f3n le garantiza una vida propia y no dudamos que prosperar\u00e1 siempre que su fundador, ayudado por los vecinos, no desmayen en la ardua tarea. Enviamos pues una palabra de aliento a los primitivos pobladores de ese pueblo, deseando que dentro de poco tiempo se convierta en grande y populosa ciudad\u00bb (de La Capital\u00bb edic. de los d\u00edas 9, 10 y 11 de julio de 1888).\u00bb<\/p>\n<p>A trav\u00e9s de esta noticia podemos afirmar que el 9 de julio al mismo tiempo de celebrarse la efem\u00e9rides patria, en los alrededores de la estaci\u00f3n Arroyo Seco ten\u00eda lugar la ceremonia de la fundaci\u00f3n del Pueblo Aguirre, nombre \u00e9ste que no alcanz\u00f3 a tener otra vigencia que la usada oficialmente, como sucediera con otros pueblos del Pago de los Arroyos.<\/p>\n","protected":false},"excerpt":{"rendered":"<p>Cuando el 1 de febrero de 1886 se detiene en la solitaria estaci\u00f3n Arroyo Seco el tren inaugural de Rosario [&hellip;]<\/p>\n","protected":false},"author":1,"featured_media":43,"comment_status":"open","ping_status":"open","sticky":false,"template":"","format":"standard","meta":{"footnotes":""},"categories":[1],"tags":[],"class_list":["post-34","post","type-post","status-publish","format-standard","has-post-thumbnail","hentry","category-noticias"],"_links":{"self":[{"href":"https:\/\/arroyoseco.gov.ar\/arroyo\/wp-json\/wp\/v2\/posts\/34","targetHints":{"allow":["GET"]}}],"collection":[{"href":"https:\/\/arroyoseco.gov.ar\/arroyo\/wp-json\/wp\/v2\/posts"}],"about":[{"href":"https:\/\/arroyoseco.gov.ar\/arroyo\/wp-json\/wp\/v2\/types\/post"}],"author":[{"embeddable":true,"href":"https:\/\/arroyoseco.gov.ar\/arroyo\/wp-json\/wp\/v2\/users\/1"}],"replies":[{"embeddable":true,"href":"https:\/\/arroyoseco.gov.ar\/arroyo\/wp-json\/wp\/v2\/comments?post=34"}],"version-history":[{"count":1,"href":"https:\/\/arroyoseco.gov.ar\/arroyo\/wp-json\/wp\/v2\/posts\/34\/revisions"}],"predecessor-version":[{"id":36,"href":"https:\/\/arroyoseco.gov.ar\/arroyo\/wp-json\/wp\/v2\/posts\/34\/revisions\/36"}],"wp:featuredmedia":[{"embeddable":true,"href":"https:\/\/arroyoseco.gov.ar\/arroyo\/wp-json\/wp\/v2\/media\/43"}],"wp:attachment":[{"href":"https:\/\/arroyoseco.gov.ar\/arroyo\/wp-json\/wp\/v2\/media?parent=34"}],"wp:term":[{"taxonomy":"category","embeddable":true,"href":"https:\/\/arroyoseco.gov.ar\/arroyo\/wp-json\/wp\/v2\/categories?post=34"},{"taxonomy":"post_tag","embeddable":true,"href":"https:\/\/arroyoseco.gov.ar\/arroyo\/wp-json\/wp\/v2\/tags?post=34"}],"curies":[{"name":"wp","href":"https:\/\/api.w.org\/{rel}","templated":true}]}}