{"id":150,"date":"2015-02-16T17:54:03","date_gmt":"2015-02-16T17:54:03","guid":{"rendered":"http:\/\/arroyoseco.gov.ar\/arroyo\/?p=150"},"modified":"2015-02-16T17:54:03","modified_gmt":"2015-02-16T17:54:03","slug":"8-festival-popular-de-la-cultura-en-arroyo-seco","status":"publish","type":"post","link":"https:\/\/arroyoseco.gov.ar\/arroyo\/8-festival-popular-de-la-cultura-en-arroyo-seco\/","title":{"rendered":"8\u00b0 Festival Popular de la Cultura en Arroyo Seco"},"content":{"rendered":"<p>En el coraz\u00f3n de la ciudad de Arroyo Seco, en la Plaza 9 de Julio del centro c\u00edvico, se volver\u00e1 a llevar a cabo la 8\u00b0 Edici\u00f3n del Festival Popular de la Cultura Arroyo Seco 2015, uno de los eventos culturales m\u00e1s importantes de la ciudad organizado por la Secretar\u00eda de Cultura, Deporte y Educaci\u00f3n del Gobierno Municipal.<\/p>\n<p>El mismo tendr\u00e1 lugar los d\u00edas viernes 20, s\u00e1bado 21 y domingo 22 de febrero en un escenario ubicado dentro de la Plaza 9 de Julio sobre el margen de calle Moreno y se encontrar\u00e1 rodeado por un paseo de m\u00e1s de 100 artesanos de la regi\u00f3n y otras provincias.<\/p>\n<p>Este a\u00f1o el festival contar\u00e1 con la presencia de Lula Solis, Fernando Junco, Pampa Chill Out, Las Sandalias, el grupo de ballet folcl\u00f3rico Los Gurises, La Pata de Fidel, Santos de Nadie, Los So\u00f1adores de Hoy, Eduardo S\u00e1nchez y Suburbano, Tr\u00edo Amistad, Lapsux, Rositango Tr\u00edo, Versatelite, Vera Mangiantini y Nati Galasso entre otros y como invitados especiales cerrando las dos noches de este festival se contar\u00e1 con la presencia del cantante Cristian Amado con su repertorio de rock y pop y el Grupo Amapola.<\/p>\n<p>Artesanos, bandas locales y dise\u00f1adores de moda en el primer d\u00eda, es lo que promete esta nueva fiesta de la cultura en la ciudad.<\/p>\n<p>El festival contar\u00e1 con dos cierres importantes como cada a\u00f1o. En esta oportunidad, la Secretar\u00eda de Deportes, Cultura y Educaci\u00f3n contar\u00e1 nuevamente para el d\u00eda s\u00e1bado 21 con la presencia de Cristian Amado, quien se desempe\u00f1\u00f3 de manera brillante en la pasada edici\u00f3n.<\/p>\n<p>El segundo cierre correspondiente al d\u00eda domingo 22 estar\u00e1 en manos del grupo Amapola.<\/p>\n","protected":false},"excerpt":{"rendered":"<p>En el coraz\u00f3n de la ciudad de Arroyo Seco, en la Plaza 9 de Julio del centro c\u00edvico, se volver\u00e1 [&hellip;]<\/p>\n","protected":false},"author":1,"featured_media":30,"comment_status":"closed","ping_status":"closed","sticky":false,"template":"","format":"standard","meta":{"footnotes":""},"categories":[8],"tags":[],"class_list":["post-150","post","type-post","status-publish","format-standard","has-post-thumbnail","hentry","category-agenda-cultural"],"_links":{"self":[{"href":"https:\/\/arroyoseco.gov.ar\/arroyo\/wp-json\/wp\/v2\/posts\/150","targetHints":{"allow":["GET"]}}],"collection":[{"href":"https:\/\/arroyoseco.gov.ar\/arroyo\/wp-json\/wp\/v2\/posts"}],"about":[{"href":"https:\/\/arroyoseco.gov.ar\/arroyo\/wp-json\/wp\/v2\/types\/post"}],"author":[{"embeddable":true,"href":"https:\/\/arroyoseco.gov.ar\/arroyo\/wp-json\/wp\/v2\/users\/1"}],"replies":[{"embeddable":true,"href":"https:\/\/arroyoseco.gov.ar\/arroyo\/wp-json\/wp\/v2\/comments?post=150"}],"version-history":[{"count":1,"href":"https:\/\/arroyoseco.gov.ar\/arroyo\/wp-json\/wp\/v2\/posts\/150\/revisions"}],"predecessor-version":[{"id":151,"href":"https:\/\/arroyoseco.gov.ar\/arroyo\/wp-json\/wp\/v2\/posts\/150\/revisions\/151"}],"wp:featuredmedia":[{"embeddable":true,"href":"https:\/\/arroyoseco.gov.ar\/arroyo\/wp-json\/wp\/v2\/media\/30"}],"wp:attachment":[{"href":"https:\/\/arroyoseco.gov.ar\/arroyo\/wp-json\/wp\/v2\/media?parent=150"}],"wp:term":[{"taxonomy":"category","embeddable":true,"href":"https:\/\/arroyoseco.gov.ar\/arroyo\/wp-json\/wp\/v2\/categories?post=150"},{"taxonomy":"post_tag","embeddable":true,"href":"https:\/\/arroyoseco.gov.ar\/arroyo\/wp-json\/wp\/v2\/tags?post=150"}],"curies":[{"name":"wp","href":"https:\/\/api.w.org\/{rel}","templated":true}]}}