{"id":146,"date":"2015-02-16T17:48:36","date_gmt":"2015-02-16T17:48:36","guid":{"rendered":"http:\/\/arroyoseco.gov.ar\/arroyo\/?p=146"},"modified":"2015-02-16T17:48:36","modified_gmt":"2015-02-16T17:48:36","slug":"incendio-en-general-motors","status":"publish","type":"post","link":"https:\/\/arroyoseco.gov.ar\/arroyo\/incendio-en-general-motors\/","title":{"rendered":"Incendio en General Motors"},"content":{"rendered":"<p>Dos empleados de General Motors sufieron graves quemaduras ayer por la tarde al incendiarse un dep\u00f3sito en el que se acumula material inflamable. Los trabajadores se encuentran internados fuera de peligro en el Sanatorio Brit\u00e1nico<\/p>\n<p>El incendio se desat\u00f3 ayer por la tarde en un dep\u00f3sito donde hab\u00eda material inflamable, seg\u00fan confirm\u00f3 el secretario general de Smata, Antonio Milici.<br \/>\n\u201cSe evacu\u00f3 la planta de inmediato, es un sector de pintura, la gente de higiene y seguridad implement\u00f3 las medidas correspondientes y los empleados afectados fueron derivados a la guardia del Sanatorio Brit\u00e1nico, donde est\u00e1n siendo tratados\u201d<\/p>\n","protected":false},"excerpt":{"rendered":"<p>Dos empleados de General Motors sufieron graves quemaduras ayer por la tarde al incendiarse un dep\u00f3sito en el que se [&hellip;]<\/p>\n","protected":false},"author":1,"featured_media":147,"comment_status":"closed","ping_status":"closed","sticky":false,"template":"","format":"standard","meta":{"footnotes":""},"categories":[7],"tags":[],"class_list":["post-146","post","type-post","status-publish","format-standard","has-post-thumbnail","hentry","category-informacion-publica"],"_links":{"self":[{"href":"https:\/\/arroyoseco.gov.ar\/arroyo\/wp-json\/wp\/v2\/posts\/146","targetHints":{"allow":["GET"]}}],"collection":[{"href":"https:\/\/arroyoseco.gov.ar\/arroyo\/wp-json\/wp\/v2\/posts"}],"about":[{"href":"https:\/\/arroyoseco.gov.ar\/arroyo\/wp-json\/wp\/v2\/types\/post"}],"author":[{"embeddable":true,"href":"https:\/\/arroyoseco.gov.ar\/arroyo\/wp-json\/wp\/v2\/users\/1"}],"replies":[{"embeddable":true,"href":"https:\/\/arroyoseco.gov.ar\/arroyo\/wp-json\/wp\/v2\/comments?post=146"}],"version-history":[{"count":1,"href":"https:\/\/arroyoseco.gov.ar\/arroyo\/wp-json\/wp\/v2\/posts\/146\/revisions"}],"predecessor-version":[{"id":148,"href":"https:\/\/arroyoseco.gov.ar\/arroyo\/wp-json\/wp\/v2\/posts\/146\/revisions\/148"}],"wp:featuredmedia":[{"embeddable":true,"href":"https:\/\/arroyoseco.gov.ar\/arroyo\/wp-json\/wp\/v2\/media\/147"}],"wp:attachment":[{"href":"https:\/\/arroyoseco.gov.ar\/arroyo\/wp-json\/wp\/v2\/media?parent=146"}],"wp:term":[{"taxonomy":"category","embeddable":true,"href":"https:\/\/arroyoseco.gov.ar\/arroyo\/wp-json\/wp\/v2\/categories?post=146"},{"taxonomy":"post_tag","embeddable":true,"href":"https:\/\/arroyoseco.gov.ar\/arroyo\/wp-json\/wp\/v2\/tags?post=146"}],"curies":[{"name":"wp","href":"https:\/\/api.w.org\/{rel}","templated":true}]}}