{"id":104,"date":"2015-02-13T20:22:44","date_gmt":"2015-02-13T20:22:44","guid":{"rendered":"http:\/\/arroyoseco.gov.ar\/arroyo\/?p=104"},"modified":"2015-02-13T20:23:39","modified_gmt":"2015-02-13T20:23:39","slug":"ordenanza-no-193010-6","status":"publish","type":"post","link":"https:\/\/arroyoseco.gov.ar\/arroyo\/ordenanza-no-193010-6\/","title":{"rendered":"ORDENANZA N\u00ba 1930\/10"},"content":{"rendered":"<div><strong>ORDENANZA N\u00ba 1930\/10<\/strong><\/div>\n<div><\/div>\n<div><b>VISTO:<\/b><\/div>\n<div><b>\u00a0<\/b><\/div>\n<div><b>\u00a0\u00a0\u00a0\u00a0 <\/b>La tramitaci\u00f3n iniciada ante la Direcci\u00f3n de Vivienda y Urbanismo para la construcci\u00f3n de \u201c 1 VIVIENDA\u201d en la localidad de Arroyo Seco, que obra en la actuaci\u00f3n N\u00ba 15202-0024812-9 de los registros del aludido Organismo; y,<\/div>\n<div><\/div>\n<div><b>CONSIDERANDO:<\/b><\/div>\n<p>&nbsp;<\/p>\n<p><strong>ORDENANZA N\u00ba 2018\/11<\/strong><\/p>\n<p>&nbsp;<\/p>\n<div><b>VISTO:<\/b><\/div>\n<div><b>\u00a0<\/b><\/div>\n<div><b>\u00a0\u00a0\u00a0\u00a0 <\/b>La Ordenanza N\u00ba 2015\/11, referente a la exenci\u00f3n de Tasas y Servicios a Jubilados y Pensionados cuyos haberes se encuentran all\u00ed determinados; y,<\/div>\n<div><\/div>\n<div><b>CONSIDERANDO:<\/b><\/div>\n<div><\/div>\n<div>\u00a0\u00a0\u00a0\u00a0 Que se torna procedente producir una actualizaci\u00f3n de la normativa teniendo en consideraci\u00f3n el aumento de haberes dispuesto por el Poder Ejecutivo Nacional a partir del mes de Setiembre de 2011 para el sector pasivo del orden del 16,80.%.<\/div>\n<div>\u00a0\u00a0\u00a0\u00a0 Que el considerable aumento de la canasta familiar y de los medicamentos, hace que no obstante el incremento dispuesto por el Gobierno Nacional siga siendo insuficientes los haberes que perciben los jubilados y\/o pensionados.<\/div>\n<div>\u00a0\u00a0\u00a0\u00a0 Que resulta imprescindible adaptar la norma a la realidad con el objeto de minimizar el defasaje entre lo percibido en concepto de haberes y lo m\u00ednimo que necesita un jubilado para vivir.<\/div>\n<div>\u00a0\u00a0\u00a0\u00a0 Que el H. Concejo Municipal en uso de atribuciones que le confiere la Ley Org\u00e1nica Municipal N\u00ba 2756.<\/div>\n<div><\/div>\n<div><b>Por Ello:<\/b><\/div>\n<div><\/div>\n<div>EL HONORABLE CONCEJO MUNICIPAL<\/div>\n<div>SANCIONA LA PRESENTE<\/div>\n<div><b><span style=\"font-size: xx-large;\"><span style=\"text-decoration: underline;\"><span style=\"font-size: medium;\">ORDENANZA<\/span><\/span><\/span><\/b><\/div>\n<div><\/div>\n<div><b>ARTICULO 1)<\/b> Modif\u00edcanse los Arts. 118) y 119) de la Ordenanza N\u00ba 2015\/11, el cual quedar\u00e1 redactado de la siguiente forma:<\/div>\n<div><\/div>\n<div><b><span style=\"text-decoration: underline;\">Art\u00edculo 118<\/span>)<\/b> Ex\u00edmase a los Jubilados y\/o Pensionados que perciban el haber m\u00ednimo del pago de la Tasa General de Inmuebles, Tasa de Servicio de Agua Potable, Tasa de Servicios de Desag\u00fces Cloacales, Fondos de Obras P\u00fablicas, Fondo de Saneamiento, Fondo de Reserva, Fondo del Deporte Amateurs, Fondo de Bomberos Voluntarios, Fondo de Hospital N\u00ba 50 y Fondo Rodados.<\/div>\n<div><\/div>\n<div><b><span style=\"text-decoration: underline;\">Art\u00edculo 119<\/span>)<\/b> Ex\u00edmase a los Jubilados y\/o Pensionados que perciban haberes superiores al haber m\u00ednimo y hasta un 30% (treinta por ciento) superior al haber m\u00ednimo del pago de la Tasa General de Inmuebles, Tasa de Servicio de Agua Potable y Tasa de Servicio de Desag\u00fces Cloacales.<\/div>\n<div><\/div>\n<div><b>ARTICULO 2)<\/b> Modificase el art\u00edculo 121) de la Ordenanza 2015\/11, el cual quedar\u00e1 redactado del siguiente modo:<\/div>\n<div><\/div>\n<div>\u201cLos beneficiarios comprendidos en los art\u00edculos precedentes deber\u00e1n reunir, adem\u00e1s, los siguientes requisitos m\u00ednimos:<\/div>\n<div>a)\u00a0\u00a0\u00a0\u00a0 En el caso que el beneficiario perciba dos beneficios previsionales (una pensi\u00f3n y una jubilaci\u00f3n; dos jubilaciones) se tomar\u00e1 en consideraci\u00f3n la de mayor valor.<\/div>\n<div>b)\u00a0\u00a0\u00a0\u00a0 Deber\u00e1 tratarse de una \u00fanica propiedad y del lugar de residencia habitual del solicitante. En el caso del contribuyente jubilado y\/o pensionado que se encuentra alquilando un inmueble para vivienda propia deber\u00e1 acompa\u00f1ar copia certificada del contrato de locaci\u00f3n del cual surja la obligaci\u00f3n a su cargo<\/div>\n<div>c)\u00a0\u00a0\u00a0\u00a0 No deber\u00e1 poseer comercio de ning\u00fan tipo a su nombre.<\/div>\n<div><\/div>\n<div>A tal efecto, el solicitante deber\u00e1 expresar los datos requeridos bajo forma de Declaraci\u00f3n Jurada firmada por el contribuyente.<\/div>\n<div>La Secretar\u00eda de Hacienda efectuar\u00e1 los controles peri\u00f3dicos necesarios a fin de corroborar la vigencia de los datos suministrados por el contribuyente\u201d.<\/div>\n<div><b>\u00a0<\/b><\/div>\n<div><b>ARTICULO 3)<\/b> Comun\u00edquese, Reg\u00edstrese, Arch\u00edvese.<\/div>\n<div><\/div>\n<div>\u00a0\u00a0\u00a0 <b>SALA DEL H. CONCEJO MUNICIPAL, 30 de Agosto de 2011.-<\/b><\/div>\n","protected":false},"excerpt":{"rendered":"<p>ORDENANZA N\u00ba 1930\/10 VISTO: \u00a0 \u00a0\u00a0\u00a0\u00a0 La tramitaci\u00f3n iniciada ante la Direcci\u00f3n de Vivienda y Urbanismo para la construcci\u00f3n de [&hellip;]<\/p>\n","protected":false},"author":1,"featured_media":0,"comment_status":"closed","ping_status":"closed","sticky":false,"template":"","format":"standard","meta":{"footnotes":""},"categories":[3],"tags":[],"class_list":["post-104","post","type-post","status-publish","format-standard","hentry","category-ordenanzas"],"_links":{"self":[{"href":"https:\/\/arroyoseco.gov.ar\/arroyo\/wp-json\/wp\/v2\/posts\/104","targetHints":{"allow":["GET"]}}],"collection":[{"href":"https:\/\/arroyoseco.gov.ar\/arroyo\/wp-json\/wp\/v2\/posts"}],"about":[{"href":"https:\/\/arroyoseco.gov.ar\/arroyo\/wp-json\/wp\/v2\/types\/post"}],"author":[{"embeddable":true,"href":"https:\/\/arroyoseco.gov.ar\/arroyo\/wp-json\/wp\/v2\/users\/1"}],"replies":[{"embeddable":true,"href":"https:\/\/arroyoseco.gov.ar\/arroyo\/wp-json\/wp\/v2\/comments?post=104"}],"version-history":[{"count":1,"href":"https:\/\/arroyoseco.gov.ar\/arroyo\/wp-json\/wp\/v2\/posts\/104\/revisions"}],"predecessor-version":[{"id":113,"href":"https:\/\/arroyoseco.gov.ar\/arroyo\/wp-json\/wp\/v2\/posts\/104\/revisions\/113"}],"wp:attachment":[{"href":"https:\/\/arroyoseco.gov.ar\/arroyo\/wp-json\/wp\/v2\/media?parent=104"}],"wp:term":[{"taxonomy":"category","embeddable":true,"href":"https:\/\/arroyoseco.gov.ar\/arroyo\/wp-json\/wp\/v2\/categories?post=104"},{"taxonomy":"post_tag","embeddable":true,"href":"https:\/\/arroyoseco.gov.ar\/arroyo\/wp-json\/wp\/v2\/tags?post=104"}],"curies":[{"name":"wp","href":"https:\/\/api.w.org\/{rel}","templated":true}]}}